{"id":330,"date":"2015-01-15T12:24:18","date_gmt":"2015-01-15T11:24:18","guid":{"rendered":"http:\/\/www.purnatour.de\/Produktinfo\/?p=330"},"modified":"2015-01-15T12:24:18","modified_gmt":"2015-01-15T11:24:18","slug":"messe-room-style-purnatour","status":"publish","type":"post","link":"https:\/\/www.purnatour.de\/Produktinfo\/messe-room-style-purnatour\/","title":{"rendered":"Messe room+style purnatour"},"content":{"rendered":"<p>Vom 09. bis 11. Januar 2015 fand in Dresden die <a title=\"purNatour bei room+style\" href=\"http:\/\/www.messe-dresden.de\/veranstaltungskalender\/messe\/room-style\/ausstellerliste-2015.html?print=true%2520order%2520by%25201000%2520--&amp;cHash=e277f18d25526bf0815258aec36b6062\" target=\"_blank\">room+style<\/a> statt. Eine Messe rund um das stilvolle Wohnen und Leben. Dieses Jahr waren auch wir von purnatour mit einem Stand vertreten.<\/p>\n<p>Es waren drei spannende Messetage in einer sehr harmonischen und \u00e4u\u00dferst geschmackvollen Atmosph\u00e4re. Die anregende Kunst von Theodor Rosenhauer und vielen Dresdner K\u00fcnstlern haben uns genauso begeistert wie die sehr \u00e4sthetischen Messest\u00e4nde. Vielen Dank f\u00fcr die unz\u00e4hligen, interessanten Gespr\u00e4che \u00fcber Nachhaltigkeit, gesundes Schlafen und Naturmaterialien.<\/p>\n<p>Unser besonderer Dank gilt dem Team der Messe Dresden f\u00fcr dieses stimmige Erlebnis.<\/p>\n<figure id=\"attachment_331\" aria-describedby=\"caption-attachment-331\" style=\"width: 580px\" class=\"wp-caption alignleft\"><a href=\"https:\/\/www.purnatour.de\/Produktinfo\/wp-content\/uploads\/2015\/01\/DSC_0460.jpg\"><img decoding=\"async\" loading=\"lazy\" class=\"size-medium wp-image-331\" src=\"https:\/\/www.purnatour.de\/Produktinfo\/wp-content\/uploads\/2015\/01\/DSC_0460-580x872.jpg\" alt=\"Side by Side Lichter am Messestand\" width=\"580\" height=\"872\" srcset=\"https:\/\/www.purnatour.de\/Produktinfo\/wp-content\/uploads\/2015\/01\/DSC_0460-580x872.jpg 580w, https:\/\/www.purnatour.de\/Produktinfo\/wp-content\/uploads\/2015\/01\/DSC_0460-940x1413.jpg 940w, https:\/\/www.purnatour.de\/Produktinfo\/wp-content\/uploads\/2015\/01\/DSC_0460.jpg 1000w\" sizes=\"(max-width: 580px) 100vw, 580px\" \/><\/a><figcaption id=\"caption-attachment-331\" class=\"wp-caption-text\">Side by Side Lichter am Messestand<\/figcaption><\/figure>\n<figure id=\"attachment_332\" aria-describedby=\"caption-attachment-332\" style=\"width: 580px\" class=\"wp-caption alignleft\"><a href=\"https:\/\/www.purnatour.de\/Produktinfo\/wp-content\/uploads\/2015\/01\/DSC_0461.jpg\"><img decoding=\"async\" loading=\"lazy\" class=\"size-medium wp-image-332\" src=\"https:\/\/www.purnatour.de\/Produktinfo\/wp-content\/uploads\/2015\/01\/DSC_0461-580x386.jpg\" alt=\"Aufbau einer Sandwich Matratze\" width=\"580\" height=\"386\" srcset=\"https:\/\/www.purnatour.de\/Produktinfo\/wp-content\/uploads\/2015\/01\/DSC_0461-580x386.jpg 580w, https:\/\/www.purnatour.de\/Produktinfo\/wp-content\/uploads\/2015\/01\/DSC_0461-940x626.jpg 940w, https:\/\/www.purnatour.de\/Produktinfo\/wp-content\/uploads\/2015\/01\/DSC_0461.jpg 1500w\" sizes=\"(max-width: 580px) 100vw, 580px\" \/><\/a><figcaption id=\"caption-attachment-332\" class=\"wp-caption-text\">Aufbau einer Sandwich Matratze<\/figcaption><\/figure>\n<figure id=\"attachment_333\" aria-describedby=\"caption-attachment-333\" style=\"width: 580px\" class=\"wp-caption alignleft\"><a href=\"https:\/\/www.purnatour.de\/Produktinfo\/wp-content\/uploads\/2015\/01\/DSC_0469.jpg\"><img decoding=\"async\" loading=\"lazy\" class=\"size-medium wp-image-333\" src=\"https:\/\/www.purnatour.de\/Produktinfo\/wp-content\/uploads\/2015\/01\/DSC_0469-580x872.jpg\" alt=\"Skulptur am Springbrunnen\" width=\"580\" height=\"872\" srcset=\"https:\/\/www.purnatour.de\/Produktinfo\/wp-content\/uploads\/2015\/01\/DSC_0469-580x872.jpg 580w, https:\/\/www.purnatour.de\/Produktinfo\/wp-content\/uploads\/2015\/01\/DSC_0469-940x1413.jpg 940w, https:\/\/www.purnatour.de\/Produktinfo\/wp-content\/uploads\/2015\/01\/DSC_0469.jpg 1000w\" sizes=\"(max-width: 580px) 100vw, 580px\" \/><\/a><figcaption id=\"caption-attachment-333\" class=\"wp-caption-text\">Skulptur am Springbrunnen<\/figcaption><\/figure>\n<figure id=\"attachment_334\" aria-describedby=\"caption-attachment-334\" style=\"width: 580px\" class=\"wp-caption alignleft\"><a href=\"https:\/\/www.purnatour.de\/Produktinfo\/wp-content\/uploads\/2015\/01\/DSC_0476.jpg\"><img decoding=\"async\" loading=\"lazy\" class=\"size-medium wp-image-334\" src=\"https:\/\/www.purnatour.de\/Produktinfo\/wp-content\/uploads\/2015\/01\/DSC_0476-580x385.jpg\" alt=\"kuschlige Merinowolle Decken\" width=\"580\" height=\"385\" srcset=\"https:\/\/www.purnatour.de\/Produktinfo\/wp-content\/uploads\/2015\/01\/DSC_0476-580x385.jpg 580w, https:\/\/www.purnatour.de\/Produktinfo\/wp-content\/uploads\/2015\/01\/DSC_0476-940x625.jpg 940w, https:\/\/www.purnatour.de\/Produktinfo\/wp-content\/uploads\/2015\/01\/DSC_0476.jpg 1504w\" sizes=\"(max-width: 580px) 100vw, 580px\" \/><\/a><figcaption id=\"caption-attachment-334\" class=\"wp-caption-text\">kuschlige Merinowolle Decken<\/figcaption><\/figure>\n<figure id=\"attachment_335\" aria-describedby=\"caption-attachment-335\" style=\"width: 580px\" class=\"wp-caption alignleft\"><a href=\"https:\/\/www.purnatour.de\/Produktinfo\/wp-content\/uploads\/2015\/01\/DSC_0438.jpg\"><img decoding=\"async\" loading=\"lazy\" class=\"size-medium wp-image-335\" src=\"https:\/\/www.purnatour.de\/Produktinfo\/wp-content\/uploads\/2015\/01\/DSC_0438-580x386.jpg\" alt=\"purnatour Messestand\" width=\"580\" height=\"386\" srcset=\"https:\/\/www.purnatour.de\/Produktinfo\/wp-content\/uploads\/2015\/01\/DSC_0438-580x386.jpg 580w, https:\/\/www.purnatour.de\/Produktinfo\/wp-content\/uploads\/2015\/01\/DSC_0438-940x626.jpg 940w, https:\/\/www.purnatour.de\/Produktinfo\/wp-content\/uploads\/2015\/01\/DSC_0438.jpg 1500w\" sizes=\"(max-width: 580px) 100vw, 580px\" \/><\/a><figcaption id=\"caption-attachment-335\" class=\"wp-caption-text\">purnatour Messestand<\/figcaption><\/figure>\n<figure id=\"attachment_336\" aria-describedby=\"caption-attachment-336\" style=\"width: 580px\" class=\"wp-caption alignleft\"><a href=\"https:\/\/www.purnatour.de\/Produktinfo\/wp-content\/uploads\/2015\/01\/DSC_0440.jpg\"><img decoding=\"async\" loading=\"lazy\" class=\"size-medium wp-image-336\" src=\"https:\/\/www.purnatour.de\/Produktinfo\/wp-content\/uploads\/2015\/01\/DSC_0440-580x872.jpg\" alt=\"Messestand von purnatour\" width=\"580\" height=\"872\" srcset=\"https:\/\/www.purnatour.de\/Produktinfo\/wp-content\/uploads\/2015\/01\/DSC_0440-580x872.jpg 580w, https:\/\/www.purnatour.de\/Produktinfo\/wp-content\/uploads\/2015\/01\/DSC_0440-940x1413.jpg 940w, https:\/\/www.purnatour.de\/Produktinfo\/wp-content\/uploads\/2015\/01\/DSC_0440.jpg 1000w\" sizes=\"(max-width: 580px) 100vw, 580px\" \/><\/a><figcaption id=\"caption-attachment-336\" class=\"wp-caption-text\">Messestand von purnatour<\/figcaption><\/figure>\n","protected":false},"excerpt":{"rendered":"<p>Vom 09. bis 11. Januar 2015 fand in Dresden die room+style statt. Eine Messe rund um das stilvolle Wohnen und Leben. Dieses Jahr waren auch wir von purnatour mit einem Stand vertreten. Es waren drei spannende Messetage in einer sehr harmonischen und \u00e4u\u00dferst geschmackvollen Atmosph\u00e4re. Die anregende Kunst von &hellip;<\/p>\n","protected":false},"author":1,"featured_media":0,"comment_status":"open","ping_status":"open","sticky":false,"template":"","format":"standard","meta":{"footnotes":""},"categories":[1],"tags":[10,77,125,126,58],"_links":{"self":[{"href":"https:\/\/www.purnatour.de\/Produktinfo\/wp-json\/wp\/v2\/posts\/330"}],"collection":[{"href":"https:\/\/www.purnatour.de\/Produktinfo\/wp-json\/wp\/v2\/posts"}],"about":[{"href":"https:\/\/www.purnatour.de\/Produktinfo\/wp-json\/wp\/v2\/types\/post"}],"author":[{"embeddable":true,"href":"https:\/\/www.purnatour.de\/Produktinfo\/wp-json\/wp\/v2\/users\/1"}],"replies":[{"embeddable":true,"href":"https:\/\/www.purnatour.de\/Produktinfo\/wp-json\/wp\/v2\/comments?post=330"}],"version-history":[{"count":3,"href":"https:\/\/www.purnatour.de\/Produktinfo\/wp-json\/wp\/v2\/posts\/330\/revisions"}],"predecessor-version":[{"id":339,"href":"https:\/\/www.purnatour.de\/Produktinfo\/wp-json\/wp\/v2\/posts\/330\/revisions\/339"}],"wp:attachment":[{"href":"https:\/\/www.purnatour.de\/Produktinfo\/wp-json\/wp\/v2\/media?parent=330"}],"wp:term":[{"taxonomy":"category","embeddable":true,"href":"https:\/\/www.purnatour.de\/Produktinfo\/wp-json\/wp\/v2\/categories?post=330"},{"taxonomy":"post_tag","embeddable":true,"href":"https:\/\/www.purnatour.de\/Produktinfo\/wp-json\/wp\/v2\/tags?post=330"}],"curies":[{"name":"wp","href":"https:\/\/api.w.org\/{rel}","templated":true}]}}